{"id":154,"date":"2017-04-26T12:39:50","date_gmt":"2017-04-26T12:39:50","guid":{"rendered":"http:\/\/dorfgemeinschaft.berkach.de\/?p=154"},"modified":"2026-04-15T20:15:19","modified_gmt":"2026-04-15T18:15:19","slug":"vereins-news","status":"publish","type":"post","link":"http:\/\/dorfgemeinschaft.berkach.de\/?p=154","title":{"rendered":"Vereins-News"},"content":{"rendered":"\n\n<p><strong>Vereinsausflug 2026 \u2013 Trier &amp; Cochem<\/strong><\/p>\n<p><strong>Vom 30. &#8211; 31. Mai 2026<br \/><\/strong><strong>Abfahrt: 8:00 Uhr | Dorfgemeinschaftshaus Berkach<br \/>&#8211; Ausgebucht &#8211;<\/strong><br \/><a href=\"http:\/\/dorfgemeinschaft.berkach.de\/wp-content\/uploads\/2025\/11\/Ausflug-Trier-2026.pdf\">Flyer Ausflug 2026<\/a><\/p>\n<hr \/>\n<p><strong>Sonntagstreff f\u00fcr \u00c4ltere<\/strong><br \/>N\u00e4chster Termin, Sonntag, 10. Mai 2026<span style=\"font-size: revert;\">, 15:00 &#8211; 17:00 Uhr im Dorfgemeinschaftshaus.<\/span><\/p>\n<hr \/>\n<p><a href=\"http:\/\/dorfgemeinschaft.berkach.de\/wp-content\/uploads\/2026\/04\/Hof-Flohmarkt-2026.jpg\">Berkacher Hof-Flohmarkt<\/a> am 26. April von 10:00 Uhr bis 16:00 Uhr<br \/>Speisen und Getr\u00e4nke von 11:00 -15:00 Uhr am Dorfgemeinschaftshaus<\/p>\n<hr \/>\n<p><strong>Weinfest in Berkach &#8211; Save the Date &#8211;<\/strong><br \/>Am 27. Juni 2026 ab 16:00Uhr am Dorfgemeinschaftshaus Berkach<\/p>\n<hr \/>\n<p><a href=\"http:\/\/dorfgemeinschaft.berkach.de\/wp-content\/uploads\/2017\/03\/beitritt.pdf\">Beitrittserkl\u00e4rung<\/a> zur Dorfgemeinschaft Berkach e.V.\u00a0<br \/><a href=\"http:\/\/dorfgemeinschaft.berkach.de\/wp-content\/uploads\/2017\/09\/Beitr\u00e4ge-Dorfgemeinschaft.pdf\">J\u00e4hrliche Beitr\u00e4ge<\/a> der Dorfgemeinschaft Berkach e.V.<br \/><a href=\"http:\/\/dorfgemeinschaft.berkach.de\/wp-content\/uploads\/2017\/04\/satzung.pdf\">Satzung d<\/a>er Dorfgemeinschaft Berkach e.V.<\/p>\n<p><a href=\"https:\/\/web.meinverein.de\/profile\/58471\/member-request-application\">Jetzt online beitreten<\/a><\/p>\n<hr \/>\n<p>Das Gro\u00df-Gerauer Stadtparlament hat am 18.07.2023 den erweiterten Umbau, die Renovierung, sowie der energetischen Instandsetzung unseres Dorfgemeinschaftshauses beschlossen. Der Umbau ist in Planung\u00a0 und soll im optimalen ende Fall 2024 beginnen.<br \/>Hier den <a href=\"http:\/\/dorfgemeinschaft.berkach.de\/wp-content\/uploads\/2022\/02\/Anschreiben-Berkacher-Meilenstein-11.02.2022.pdf\">Informationsflyer<\/a> der Dorfgemeinschaft anschauen.<\/p>\n<p><a href=\"http:\/\/dorfgemeinschaft.berkach.de\/wp-content\/uploads\/2023\/07\/IMG_1113.jpeg\">Bericht aus dem Gross-Gerauer Echo vom 28.07.2023<\/a><br \/><a href=\"http:\/\/dorfgemeinschaft.berkach.de\/wp-content\/uploads\/2023\/07\/Echo-DG-14.07.2023.jpg\">Bericht aus dem Gross-Gerauer Echo vom 14.07.2023<\/a><br \/><a href=\"http:\/\/dorfgemeinschaft.berkach.de\/wp-content\/uploads\/2023\/03\/Gerauer-Echo-6-3-2023.jpg\">Bericht aus dem Gross-Gerauer Echo vom 06.03.2023<\/a><br \/><a href=\"http:\/\/dorfgemeinschaft.berkach.de\/wp-content\/uploads\/2022\/02\/ADB867F3-1A82-4696-A5AB-1AB5706EF2E1.jpeg\">Bericht aus dem Gross-Gerauer Echo vom 03.02.2022\u00a0<\/a><br \/><a href=\"http:\/\/dorfgemeinschaft.berkach.de\/wp-content\/uploads\/2022\/02\/80937A73-4C0B-4B32-AE13-3D644CC4CAA2.jpeg\">Bericht aus dem Gross-Gerauer Echo vom 28.01.2022<\/a><br \/><a href=\"http:\/\/dorfgemeinschaft.berkach.de\/?attachment_id=1470\">Bericht aus dem Gross-Gerauer Echo vom 22.01.2022<\/a><\/p>\n<hr \/>\n\n\n<p><\/p>\n","protected":false},"excerpt":{"rendered":"<p>Vereinsausflug 2026 \u2013 Trier &amp; Cochem Vom 30. &#8211; 31. Mai 2026Abfahrt: 8:00 Uhr | Dorfgemeinschaftshaus Berkach&#8211; Ausgebucht &#8211;Flyer Ausflug 2026 Sonntagstreff f\u00fcr \u00c4ltereN\u00e4chster Termin, Sonntag, 10. Mai 2026, 15:00 &#8211; 17:00 Uhr im Dorfgemeinschaftshaus. Berkacher Hof-Flohmarkt am 26. April von 10:00 Uhr bis 16:00 UhrSpeisen und Getr\u00e4nke von 11:00 -15:00 Uhr am Dorfgemeinschaftshaus Weinfest [&hellip;]<\/p>\n","protected":false},"author":1,"featured_media":0,"comment_status":"closed","ping_status":"open","sticky":false,"template":"","format":"standard","meta":[],"categories":[5],"tags":[],"_links":{"self":[{"href":"http:\/\/dorfgemeinschaft.berkach.de\/index.php?rest_route=\/wp\/v2\/posts\/154"}],"collection":[{"href":"http:\/\/dorfgemeinschaft.berkach.de\/index.php?rest_route=\/wp\/v2\/posts"}],"about":[{"href":"http:\/\/dorfgemeinschaft.berkach.de\/index.php?rest_route=\/wp\/v2\/types\/post"}],"author":[{"embeddable":true,"href":"http:\/\/dorfgemeinschaft.berkach.de\/index.php?rest_route=\/wp\/v2\/users\/1"}],"replies":[{"embeddable":true,"href":"http:\/\/dorfgemeinschaft.berkach.de\/index.php?rest_route=%2Fwp%2Fv2%2Fcomments&post=154"}],"version-history":[{"count":541,"href":"http:\/\/dorfgemeinschaft.berkach.de\/index.php?rest_route=\/wp\/v2\/posts\/154\/revisions"}],"predecessor-version":[{"id":2179,"href":"http:\/\/dorfgemeinschaft.berkach.de\/index.php?rest_route=\/wp\/v2\/posts\/154\/revisions\/2179"}],"wp:attachment":[{"href":"http:\/\/dorfgemeinschaft.berkach.de\/index.php?rest_route=%2Fwp%2Fv2%2Fmedia&parent=154"}],"wp:term":[{"taxonomy":"category","embeddable":true,"href":"http:\/\/dorfgemeinschaft.berkach.de\/index.php?rest_route=%2Fwp%2Fv2%2Fcategories&post=154"},{"taxonomy":"post_tag","embeddable":true,"href":"http:\/\/dorfgemeinschaft.berkach.de\/index.php?rest_route=%2Fwp%2Fv2%2Ftags&post=154"}],"curies":[{"name":"wp","href":"https:\/\/api.w.org\/{rel}","templated":true}]}}